{"id":11457,"date":"2026-04-14T16:24:14","date_gmt":"2026-04-14T16:24:14","guid":{"rendered":"https:\/\/lacasadelspianos.com\/assaig-a-la-casa-dels-pianos-mar-plena-de-juli-garreta-sona-entre-fustes-i-tecles\/"},"modified":"2026-04-23T09:06:25","modified_gmt":"2026-04-23T09:06:25","slug":"assaig-a-la-casa-dels-pianos-mar-plena-de-juli-garreta-sona-entre-fustes-i-tecles","status":"publish","type":"post","link":"https:\/\/lacasadelspianos.com\/es\/assaig-a-la-casa-dels-pianos-mar-plena-de-juli-garreta-sona-entre-fustes-i-tecles\/","title":{"rendered":"Ensayo en La Casa dels Pianos: \u00abMar Plena\u00bb de Juli Garreta suena entre maderas y teclas"},"content":{"rendered":"<p class=\"font-claude-response-body break-words whitespace-normal leading-[1.7]\">La semana pasada, La Casa dels Pianos acogi\u00f3 uno de los momentos m\u00e1s especiales que se pueden vivir en un espacio dedicado a la m\u00fasica: un ensayo del Aula de M\u00fasica Masafrets, con el Yamaha C3 como protagonista de la sala.<\/p>\n<p class=\"font-claude-response-body break-words whitespace-normal leading-[1.7]\">Lle\u00f3, alumno del Conservatori Professional de Bellaterra, y Andreu, del Conservatori Professional de Granollers, interpretaron<em> Mar\u00a0Plena<\/em>, una de las obras m\u00e1s estimadas del compositor ampurdan\u00e9s Juli\u00a0Garreta. Piano y violonchelo, dos timbres que se buscan y se encuentran, llenando la sala de una sonoridad que pocos espacios pueden ofrecer.<\/p>\n<p><img loading=\"lazy\" decoding=\"async\" class=\"size-large wp-image-11439 aligncenter\" src=\"https:\/\/lacasadelspianos.com\/wp-content\/uploads\/2026\/04\/alumnesa-1024x576.jpeg\" alt=\"Lle\u00f3 i Andreu assajant Mar Plena de Juli Garreta al Yamaha C3 de La Casa dels Pianos, Aula de M\u00fasica Masafrets\" width=\"980\" height=\"551\" srcset=\"https:\/\/lacasadelspianos.com\/wp-content\/uploads\/2026\/04\/alumnesa-1024x576.jpeg 1024w, https:\/\/lacasadelspianos.com\/wp-content\/uploads\/2026\/04\/alumnesa-300x169.jpeg 300w, https:\/\/lacasadelspianos.com\/wp-content\/uploads\/2026\/04\/alumnesa-768x432.jpeg 768w, https:\/\/lacasadelspianos.com\/wp-content\/uploads\/2026\/04\/alumnesa-1536x864.jpeg 1536w, https:\/\/lacasadelspianos.com\/wp-content\/uploads\/2026\/04\/alumnesa.jpeg 2048w\" sizes=\"auto, (max-width: 980px) 100vw, 980px\" \/><\/p>\n<p class=\"font-claude-response-body break-words whitespace-normal leading-[1.7]\">El <a href=\"https:\/\/lacasadelspianos.com\/es\/pianos-item\/yamaha-c3-11-500e\/\" target=\"_blank\" rel=\"noopener\">Yamaha C3<\/a> es un piano de cola de gama alta, conocido por su respuesta din\u00e1mica y la calidez de su sonido: el instrumento ideal para acompa\u00f1ar una obra como la de Jarrete, que pregunta sensibilidad y precisi\u00f3n a partes iguales.<\/p>\n<p class=\"font-claude-response-body break-words whitespace-normal leading-[1.7]\">En La Casa dels Pianos creemos que los instrumentos est\u00e1n para tocarlos, para ensayar, para crecer musicalmente. Por eso, espacios como el nuestro (con una de las exposiciones de pianos m\u00e1s grandes de Catalu\u00f1a) no son solo un lugar de venta, sino un punto de encuentro para m\u00fasicos, profesores y alumnos.<\/p>\n<p class=\"font-claude-response-body break-words whitespace-normal leading-[1.7]\">Enhorabuena a Lle\u00f3 y a Andreu por el trabajo muy hecho. Y gracias al Aula de M\u00fasica\u00a0Masafrets\u00a0para compartir este momento con nosotros.<\/p>\n","protected":false},"excerpt":{"rendered":"<p>La semana pasada, La Casa dels Pianos acogi\u00f3 uno de los momentos m\u00e1s especiales que se pueden vivir en un espacio dedicado a la m\u00fasica: un ensayo del Aula de M\u00fasica Masafrets, con el Yamaha C3 como protagonista de la sala. Lle\u00f3, alumno del Conservatori Professional de Bellaterra, y Andreu, del Conservatori Professional de Granollers,&hellip;<\/p>\n","protected":false},"author":2,"featured_media":11442,"comment_status":"open","ping_status":"closed","sticky":false,"template":"","format":"standard","meta":{"footnotes":""},"categories":[121],"tags":[],"post_series":[],"class_list":["post-11457","post","type-post","status-publish","format-standard","has-post-thumbnail","hentry","category-noticias","entry","has-media"],"yoast_head":"<!-- This site is optimized with the Yoast SEO plugin v27.4 - https:\/\/yoast.com\/product\/yoast-seo-wordpress\/ -->\n<title>Ensayo en La Casa dels Pianos: \u00abMar Plena\u00bb de Juli Garreta suena entre maderas y teclas - La Casa dels Pianos<\/title>\n<meta name=\"robots\" content=\"index, follow, max-snippet:-1, max-image-preview:large, max-video-preview:-1\" \/>\n<link rel=\"canonical\" href=\"https:\/\/lacasadelspianos.com\/es\/assaig-a-la-casa-dels-pianos-mar-plena-de-juli-garreta-sona-entre-fustes-i-tecles\/\" \/>\n<meta property=\"og:locale\" content=\"es_ES\" \/>\n<meta property=\"og:type\" content=\"article\" \/>\n<meta property=\"og:title\" content=\"Ensayo en La Casa dels Pianos: \u00abMar Plena\u00bb de Juli Garreta suena entre maderas y teclas - La Casa dels Pianos\" \/>\n<meta property=\"og:description\" content=\"La semana pasada, La Casa dels Pianos acogi\u00f3 uno de los momentos m\u00e1s especiales que se pueden vivir en un espacio dedicado a la m\u00fasica: un ensayo del Aula de M\u00fasica Masafrets, con el Yamaha C3 como protagonista de la sala. Lle\u00f3, alumno del Conservatori Professional de Bellaterra, y Andreu, del Conservatori Professional de Granollers,&hellip;\" \/>\n<meta property=\"og:url\" content=\"https:\/\/lacasadelspianos.com\/es\/assaig-a-la-casa-dels-pianos-mar-plena-de-juli-garreta-sona-entre-fustes-i-tecles\/\" \/>\n<meta property=\"og:site_name\" content=\"La Casa dels Pianos\" \/>\n<meta property=\"article:published_time\" content=\"2026-04-14T16:24:14+00:00\" \/>\n<meta property=\"article:modified_time\" content=\"2026-04-23T09:06:25+00:00\" \/>\n<meta property=\"og:image\" content=\"https:\/\/lacasadelspianos.com\/wp-content\/uploads\/2026\/04\/alumnes2.jpeg\" \/>\n\t<meta property=\"og:image:width\" content=\"727\" \/>\n\t<meta property=\"og:image:height\" content=\"616\" \/>\n\t<meta property=\"og:image:type\" content=\"image\/jpeg\" \/>\n<meta name=\"author\" content=\"LaCasaDelsPianos\" \/>\n<meta name=\"twitter:card\" content=\"summary_large_image\" \/>\n<meta name=\"twitter:label1\" content=\"Escrito por\" \/>\n\t<meta name=\"twitter:data1\" content=\"LaCasaDelsPianos\" \/>\n\t<meta name=\"twitter:label2\" content=\"Tiempo de lectura\" \/>\n\t<meta name=\"twitter:data2\" content=\"2 minutos\" \/>\n<script type=\"application\/ld+json\" class=\"yoast-schema-graph\">{\"@context\":\"https:\\\/\\\/schema.org\",\"@graph\":[{\"@type\":\"Article\",\"@id\":\"https:\\\/\\\/lacasadelspianos.com\\\/es\\\/assaig-a-la-casa-dels-pianos-mar-plena-de-juli-garreta-sona-entre-fustes-i-tecles\\\/#article\",\"isPartOf\":{\"@id\":\"https:\\\/\\\/lacasadelspianos.com\\\/es\\\/assaig-a-la-casa-dels-pianos-mar-plena-de-juli-garreta-sona-entre-fustes-i-tecles\\\/\"},\"author\":{\"name\":\"LaCasaDelsPianos\",\"@id\":\"https:\\\/\\\/lacasadelspianos.com\\\/#\\\/schema\\\/person\\\/f102e6889a3222aa7227f6c6d48ae1ca\"},\"headline\":\"Ensayo en La Casa dels Pianos: \u00abMar Plena\u00bb de Juli Garreta suena entre maderas y teclas\",\"datePublished\":\"2026-04-14T16:24:14+00:00\",\"dateModified\":\"2026-04-23T09:06:25+00:00\",\"mainEntityOfPage\":{\"@id\":\"https:\\\/\\\/lacasadelspianos.com\\\/es\\\/assaig-a-la-casa-dels-pianos-mar-plena-de-juli-garreta-sona-entre-fustes-i-tecles\\\/\"},\"wordCount\":236,\"commentCount\":0,\"publisher\":{\"@id\":\"https:\\\/\\\/lacasadelspianos.com\\\/#organization\"},\"image\":{\"@id\":\"https:\\\/\\\/lacasadelspianos.com\\\/es\\\/assaig-a-la-casa-dels-pianos-mar-plena-de-juli-garreta-sona-entre-fustes-i-tecles\\\/#primaryimage\"},\"thumbnailUrl\":\"https:\\\/\\\/lacasadelspianos.com\\\/wp-content\\\/uploads\\\/2026\\\/04\\\/alumnes2.jpeg\",\"articleSection\":[\"Noticias\"],\"inLanguage\":\"es\",\"potentialAction\":[{\"@type\":\"CommentAction\",\"name\":\"Comment\",\"target\":[\"https:\\\/\\\/lacasadelspianos.com\\\/es\\\/assaig-a-la-casa-dels-pianos-mar-plena-de-juli-garreta-sona-entre-fustes-i-tecles\\\/#respond\"]}]},{\"@type\":\"WebPage\",\"@id\":\"https:\\\/\\\/lacasadelspianos.com\\\/es\\\/assaig-a-la-casa-dels-pianos-mar-plena-de-juli-garreta-sona-entre-fustes-i-tecles\\\/\",\"url\":\"https:\\\/\\\/lacasadelspianos.com\\\/es\\\/assaig-a-la-casa-dels-pianos-mar-plena-de-juli-garreta-sona-entre-fustes-i-tecles\\\/\",\"name\":\"Ensayo en La Casa dels Pianos: \u00abMar Plena\u00bb de Juli Garreta suena entre maderas y teclas - La Casa dels Pianos\",\"isPartOf\":{\"@id\":\"https:\\\/\\\/lacasadelspianos.com\\\/#website\"},\"primaryImageOfPage\":{\"@id\":\"https:\\\/\\\/lacasadelspianos.com\\\/es\\\/assaig-a-la-casa-dels-pianos-mar-plena-de-juli-garreta-sona-entre-fustes-i-tecles\\\/#primaryimage\"},\"image\":{\"@id\":\"https:\\\/\\\/lacasadelspianos.com\\\/es\\\/assaig-a-la-casa-dels-pianos-mar-plena-de-juli-garreta-sona-entre-fustes-i-tecles\\\/#primaryimage\"},\"thumbnailUrl\":\"https:\\\/\\\/lacasadelspianos.com\\\/wp-content\\\/uploads\\\/2026\\\/04\\\/alumnes2.jpeg\",\"datePublished\":\"2026-04-14T16:24:14+00:00\",\"dateModified\":\"2026-04-23T09:06:25+00:00\",\"breadcrumb\":{\"@id\":\"https:\\\/\\\/lacasadelspianos.com\\\/es\\\/assaig-a-la-casa-dels-pianos-mar-plena-de-juli-garreta-sona-entre-fustes-i-tecles\\\/#breadcrumb\"},\"inLanguage\":\"es\",\"potentialAction\":[{\"@type\":\"ReadAction\",\"target\":[\"https:\\\/\\\/lacasadelspianos.com\\\/es\\\/assaig-a-la-casa-dels-pianos-mar-plena-de-juli-garreta-sona-entre-fustes-i-tecles\\\/\"]}]},{\"@type\":\"ImageObject\",\"inLanguage\":\"es\",\"@id\":\"https:\\\/\\\/lacasadelspianos.com\\\/es\\\/assaig-a-la-casa-dels-pianos-mar-plena-de-juli-garreta-sona-entre-fustes-i-tecles\\\/#primaryimage\",\"url\":\"https:\\\/\\\/lacasadelspianos.com\\\/wp-content\\\/uploads\\\/2026\\\/04\\\/alumnes2.jpeg\",\"contentUrl\":\"https:\\\/\\\/lacasadelspianos.com\\\/wp-content\\\/uploads\\\/2026\\\/04\\\/alumnes2.jpeg\",\"width\":727,\"height\":616},{\"@type\":\"BreadcrumbList\",\"@id\":\"https:\\\/\\\/lacasadelspianos.com\\\/es\\\/assaig-a-la-casa-dels-pianos-mar-plena-de-juli-garreta-sona-entre-fustes-i-tecles\\\/#breadcrumb\",\"itemListElement\":[{\"@type\":\"ListItem\",\"position\":1,\"name\":\"Home\",\"item\":\"https:\\\/\\\/lacasadelspianos.com\\\/es\\\/\"},{\"@type\":\"ListItem\",\"position\":2,\"name\":\"Ensayo en La Casa dels Pianos: \u00abMar Plena\u00bb&hellip;\"}]},{\"@type\":\"WebSite\",\"@id\":\"https:\\\/\\\/lacasadelspianos.com\\\/#website\",\"url\":\"https:\\\/\\\/lacasadelspianos.com\\\/\",\"name\":\"La Casa dels Pianos\",\"description\":\"Venda i lloguer de pianos nous, d&#039;ocasi\u00f3, seminous y Km0\",\"publisher\":{\"@id\":\"https:\\\/\\\/lacasadelspianos.com\\\/#organization\"},\"potentialAction\":[{\"@type\":\"SearchAction\",\"target\":{\"@type\":\"EntryPoint\",\"urlTemplate\":\"https:\\\/\\\/lacasadelspianos.com\\\/?s={search_term_string}\"},\"query-input\":{\"@type\":\"PropertyValueSpecification\",\"valueRequired\":true,\"valueName\":\"search_term_string\"}}],\"inLanguage\":\"es\"},{\"@type\":\"Organization\",\"@id\":\"https:\\\/\\\/lacasadelspianos.com\\\/#organization\",\"name\":\"La Casa dels Pianos\",\"url\":\"https:\\\/\\\/lacasadelspianos.com\\\/\",\"logo\":{\"@type\":\"ImageObject\",\"inLanguage\":\"es\",\"@id\":\"https:\\\/\\\/lacasadelspianos.com\\\/#\\\/schema\\\/logo\\\/image\\\/\",\"url\":\"https:\\\/\\\/lacasadelspianos.com\\\/wp-content\\\/uploads\\\/2023\\\/10\\\/logo.png\",\"contentUrl\":\"https:\\\/\\\/lacasadelspianos.com\\\/wp-content\\\/uploads\\\/2023\\\/10\\\/logo.png\",\"width\":878,\"height\":410,\"caption\":\"La Casa dels Pianos\"},\"image\":{\"@id\":\"https:\\\/\\\/lacasadelspianos.com\\\/#\\\/schema\\\/logo\\\/image\\\/\"}},{\"@type\":\"Person\",\"@id\":\"https:\\\/\\\/lacasadelspianos.com\\\/#\\\/schema\\\/person\\\/f102e6889a3222aa7227f6c6d48ae1ca\",\"name\":\"LaCasaDelsPianos\",\"image\":{\"@type\":\"ImageObject\",\"inLanguage\":\"es\",\"@id\":\"https:\\\/\\\/secure.gravatar.com\\\/avatar\\\/386762c243d4757b0d6891fc119f3f67b435c34919dfb3527fe8d58d5e132b82?s=96&d=mm&r=g\",\"url\":\"https:\\\/\\\/secure.gravatar.com\\\/avatar\\\/386762c243d4757b0d6891fc119f3f67b435c34919dfb3527fe8d58d5e132b82?s=96&d=mm&r=g\",\"contentUrl\":\"https:\\\/\\\/secure.gravatar.com\\\/avatar\\\/386762c243d4757b0d6891fc119f3f67b435c34919dfb3527fe8d58d5e132b82?s=96&d=mm&r=g\",\"caption\":\"LaCasaDelsPianos\"},\"url\":\"https:\\\/\\\/lacasadelspianos.com\\\/es\\\/author\\\/sergio\\\/\"}]}<\/script>\n<!-- \/ Yoast SEO plugin. -->","yoast_head_json":{"title":"Ensayo en La Casa dels Pianos: \u00abMar Plena\u00bb de Juli Garreta suena entre maderas y teclas - La Casa dels Pianos","robots":{"index":"index","follow":"follow","max-snippet":"max-snippet:-1","max-image-preview":"max-image-preview:large","max-video-preview":"max-video-preview:-1"},"canonical":"https:\/\/lacasadelspianos.com\/es\/assaig-a-la-casa-dels-pianos-mar-plena-de-juli-garreta-sona-entre-fustes-i-tecles\/","og_locale":"es_ES","og_type":"article","og_title":"Ensayo en La Casa dels Pianos: \u00abMar Plena\u00bb de Juli Garreta suena entre maderas y teclas - La Casa dels Pianos","og_description":"La semana pasada, La Casa dels Pianos acogi\u00f3 uno de los momentos m\u00e1s especiales que se pueden vivir en un espacio dedicado a la m\u00fasica: un ensayo del Aula de M\u00fasica Masafrets, con el Yamaha C3 como protagonista de la sala. Lle\u00f3, alumno del Conservatori Professional de Bellaterra, y Andreu, del Conservatori Professional de Granollers,&hellip;","og_url":"https:\/\/lacasadelspianos.com\/es\/assaig-a-la-casa-dels-pianos-mar-plena-de-juli-garreta-sona-entre-fustes-i-tecles\/","og_site_name":"La Casa dels Pianos","article_published_time":"2026-04-14T16:24:14+00:00","article_modified_time":"2026-04-23T09:06:25+00:00","og_image":[{"width":727,"height":616,"url":"https:\/\/lacasadelspianos.com\/wp-content\/uploads\/2026\/04\/alumnes2.jpeg","type":"image\/jpeg"}],"author":"LaCasaDelsPianos","twitter_card":"summary_large_image","twitter_misc":{"Escrito por":"LaCasaDelsPianos","Tiempo de lectura":"2 minutos"},"schema":{"@context":"https:\/\/schema.org","@graph":[{"@type":"Article","@id":"https:\/\/lacasadelspianos.com\/es\/assaig-a-la-casa-dels-pianos-mar-plena-de-juli-garreta-sona-entre-fustes-i-tecles\/#article","isPartOf":{"@id":"https:\/\/lacasadelspianos.com\/es\/assaig-a-la-casa-dels-pianos-mar-plena-de-juli-garreta-sona-entre-fustes-i-tecles\/"},"author":{"name":"LaCasaDelsPianos","@id":"https:\/\/lacasadelspianos.com\/#\/schema\/person\/f102e6889a3222aa7227f6c6d48ae1ca"},"headline":"Ensayo en La Casa dels Pianos: \u00abMar Plena\u00bb de Juli Garreta suena entre maderas y teclas","datePublished":"2026-04-14T16:24:14+00:00","dateModified":"2026-04-23T09:06:25+00:00","mainEntityOfPage":{"@id":"https:\/\/lacasadelspianos.com\/es\/assaig-a-la-casa-dels-pianos-mar-plena-de-juli-garreta-sona-entre-fustes-i-tecles\/"},"wordCount":236,"commentCount":0,"publisher":{"@id":"https:\/\/lacasadelspianos.com\/#organization"},"image":{"@id":"https:\/\/lacasadelspianos.com\/es\/assaig-a-la-casa-dels-pianos-mar-plena-de-juli-garreta-sona-entre-fustes-i-tecles\/#primaryimage"},"thumbnailUrl":"https:\/\/lacasadelspianos.com\/wp-content\/uploads\/2026\/04\/alumnes2.jpeg","articleSection":["Noticias"],"inLanguage":"es","potentialAction":[{"@type":"CommentAction","name":"Comment","target":["https:\/\/lacasadelspianos.com\/es\/assaig-a-la-casa-dels-pianos-mar-plena-de-juli-garreta-sona-entre-fustes-i-tecles\/#respond"]}]},{"@type":"WebPage","@id":"https:\/\/lacasadelspianos.com\/es\/assaig-a-la-casa-dels-pianos-mar-plena-de-juli-garreta-sona-entre-fustes-i-tecles\/","url":"https:\/\/lacasadelspianos.com\/es\/assaig-a-la-casa-dels-pianos-mar-plena-de-juli-garreta-sona-entre-fustes-i-tecles\/","name":"Ensayo en La Casa dels Pianos: \u00abMar Plena\u00bb de Juli Garreta suena entre maderas y teclas - La Casa dels Pianos","isPartOf":{"@id":"https:\/\/lacasadelspianos.com\/#website"},"primaryImageOfPage":{"@id":"https:\/\/lacasadelspianos.com\/es\/assaig-a-la-casa-dels-pianos-mar-plena-de-juli-garreta-sona-entre-fustes-i-tecles\/#primaryimage"},"image":{"@id":"https:\/\/lacasadelspianos.com\/es\/assaig-a-la-casa-dels-pianos-mar-plena-de-juli-garreta-sona-entre-fustes-i-tecles\/#primaryimage"},"thumbnailUrl":"https:\/\/lacasadelspianos.com\/wp-content\/uploads\/2026\/04\/alumnes2.jpeg","datePublished":"2026-04-14T16:24:14+00:00","dateModified":"2026-04-23T09:06:25+00:00","breadcrumb":{"@id":"https:\/\/lacasadelspianos.com\/es\/assaig-a-la-casa-dels-pianos-mar-plena-de-juli-garreta-sona-entre-fustes-i-tecles\/#breadcrumb"},"inLanguage":"es","potentialAction":[{"@type":"ReadAction","target":["https:\/\/lacasadelspianos.com\/es\/assaig-a-la-casa-dels-pianos-mar-plena-de-juli-garreta-sona-entre-fustes-i-tecles\/"]}]},{"@type":"ImageObject","inLanguage":"es","@id":"https:\/\/lacasadelspianos.com\/es\/assaig-a-la-casa-dels-pianos-mar-plena-de-juli-garreta-sona-entre-fustes-i-tecles\/#primaryimage","url":"https:\/\/lacasadelspianos.com\/wp-content\/uploads\/2026\/04\/alumnes2.jpeg","contentUrl":"https:\/\/lacasadelspianos.com\/wp-content\/uploads\/2026\/04\/alumnes2.jpeg","width":727,"height":616},{"@type":"BreadcrumbList","@id":"https:\/\/lacasadelspianos.com\/es\/assaig-a-la-casa-dels-pianos-mar-plena-de-juli-garreta-sona-entre-fustes-i-tecles\/#breadcrumb","itemListElement":[{"@type":"ListItem","position":1,"name":"Home","item":"https:\/\/lacasadelspianos.com\/es\/"},{"@type":"ListItem","position":2,"name":"Ensayo en La Casa dels Pianos: \u00abMar Plena\u00bb&hellip;"}]},{"@type":"WebSite","@id":"https:\/\/lacasadelspianos.com\/#website","url":"https:\/\/lacasadelspianos.com\/","name":"La Casa dels Pianos","description":"Venda i lloguer de pianos nous, d&#039;ocasi\u00f3, seminous y Km0","publisher":{"@id":"https:\/\/lacasadelspianos.com\/#organization"},"potentialAction":[{"@type":"SearchAction","target":{"@type":"EntryPoint","urlTemplate":"https:\/\/lacasadelspianos.com\/?s={search_term_string}"},"query-input":{"@type":"PropertyValueSpecification","valueRequired":true,"valueName":"search_term_string"}}],"inLanguage":"es"},{"@type":"Organization","@id":"https:\/\/lacasadelspianos.com\/#organization","name":"La Casa dels Pianos","url":"https:\/\/lacasadelspianos.com\/","logo":{"@type":"ImageObject","inLanguage":"es","@id":"https:\/\/lacasadelspianos.com\/#\/schema\/logo\/image\/","url":"https:\/\/lacasadelspianos.com\/wp-content\/uploads\/2023\/10\/logo.png","contentUrl":"https:\/\/lacasadelspianos.com\/wp-content\/uploads\/2023\/10\/logo.png","width":878,"height":410,"caption":"La Casa dels Pianos"},"image":{"@id":"https:\/\/lacasadelspianos.com\/#\/schema\/logo\/image\/"}},{"@type":"Person","@id":"https:\/\/lacasadelspianos.com\/#\/schema\/person\/f102e6889a3222aa7227f6c6d48ae1ca","name":"LaCasaDelsPianos","image":{"@type":"ImageObject","inLanguage":"es","@id":"https:\/\/secure.gravatar.com\/avatar\/386762c243d4757b0d6891fc119f3f67b435c34919dfb3527fe8d58d5e132b82?s=96&d=mm&r=g","url":"https:\/\/secure.gravatar.com\/avatar\/386762c243d4757b0d6891fc119f3f67b435c34919dfb3527fe8d58d5e132b82?s=96&d=mm&r=g","contentUrl":"https:\/\/secure.gravatar.com\/avatar\/386762c243d4757b0d6891fc119f3f67b435c34919dfb3527fe8d58d5e132b82?s=96&d=mm&r=g","caption":"LaCasaDelsPianos"},"url":"https:\/\/lacasadelspianos.com\/es\/author\/sergio\/"}]}},"_links":{"self":[{"href":"https:\/\/lacasadelspianos.com\/es\/wp-json\/wp\/v2\/posts\/11457","targetHints":{"allow":["GET"]}}],"collection":[{"href":"https:\/\/lacasadelspianos.com\/es\/wp-json\/wp\/v2\/posts"}],"about":[{"href":"https:\/\/lacasadelspianos.com\/es\/wp-json\/wp\/v2\/types\/post"}],"author":[{"embeddable":true,"href":"https:\/\/lacasadelspianos.com\/es\/wp-json\/wp\/v2\/users\/2"}],"replies":[{"embeddable":true,"href":"https:\/\/lacasadelspianos.com\/es\/wp-json\/wp\/v2\/comments?post=11457"}],"version-history":[{"count":2,"href":"https:\/\/lacasadelspianos.com\/es\/wp-json\/wp\/v2\/posts\/11457\/revisions"}],"predecessor-version":[{"id":11459,"href":"https:\/\/lacasadelspianos.com\/es\/wp-json\/wp\/v2\/posts\/11457\/revisions\/11459"}],"wp:featuredmedia":[{"embeddable":true,"href":"https:\/\/lacasadelspianos.com\/es\/wp-json\/wp\/v2\/media\/11442"}],"wp:attachment":[{"href":"https:\/\/lacasadelspianos.com\/es\/wp-json\/wp\/v2\/media?parent=11457"}],"wp:term":[{"taxonomy":"category","embeddable":true,"href":"https:\/\/lacasadelspianos.com\/es\/wp-json\/wp\/v2\/categories?post=11457"},{"taxonomy":"post_tag","embeddable":true,"href":"https:\/\/lacasadelspianos.com\/es\/wp-json\/wp\/v2\/tags?post=11457"},{"taxonomy":"post_series","embeddable":true,"href":"https:\/\/lacasadelspianos.com\/es\/wp-json\/wp\/v2\/post_series?post=11457"}],"curies":[{"name":"wp","href":"https:\/\/api.w.org\/{rel}","templated":true}]}}