{"id":9723,"date":"2025-05-28T09:27:44","date_gmt":"2025-05-28T09:27:44","guid":{"rendered":"https:\/\/lacasadelspianos.com\/?p=9723"},"modified":"2025-05-28T09:39:30","modified_gmt":"2025-05-28T09:39:30","slug":"que-tipo-de-piano-es-el-ideal-para-ti-de-cola-vertical-o-digital","status":"publish","type":"post","link":"https:\/\/lacasadelspianos.com\/es\/que-tipo-de-piano-es-el-ideal-para-ti-de-cola-vertical-o-digital\/","title":{"rendered":"\u00bfQu\u00e9 tipo de piano es el ideal para ti? De cola, vertical o digital"},"content":{"rendered":"<p data-start=\"327\" data-end=\"623\">Si est\u00e1s pensando en comprar un piano, seguramente te habr\u00e1s encontrado con los tres grandes tipos: <strong data-start=\"427\" data-end=\"445\">pianos de cola<\/strong>, <strong data-start=\"447\" data-end=\"468\">pianos verticales<\/strong> y <strong data-start=\"471\" data-end=\"491\">pianos digitales<\/strong>. Cada uno tiene sus ventajas y limitaciones, y la elecci\u00f3n ideal depender\u00e1 de tu espacio, nivel, presupuesto y objetivos musicales.<\/p>\n<h3 data-start=\"625\" data-end=\"645\">Piano de Cola<\/h3>\n<p data-start=\"647\" data-end=\"816\"><strong data-start=\"647\" data-end=\"663\">Descripci\u00f3n:<\/strong><br data-start=\"663\" data-end=\"666\" \/>Es el tipo de piano m\u00e1s grande y tradicional. Su mecanismo est\u00e1 dispuesto en horizontal, lo que permite una respuesta m\u00e1s r\u00e1pida y un sonido m\u00e1s rico.<\/p>\n<p data-start=\"647\" data-end=\"816\"><img loading=\"lazy\" decoding=\"async\" class=\"wp-image-8541 aligncenter\" src=\"https:\/\/lacasadelspianos.com\/wp-content\/uploads\/2024\/06\/Yamaha-C3-3-768x1024.jpg\" alt=\"\" width=\"309\" height=\"412\" srcset=\"https:\/\/lacasadelspianos.com\/wp-content\/uploads\/2024\/06\/Yamaha-C3-3-768x1024.jpg 768w, https:\/\/lacasadelspianos.com\/wp-content\/uploads\/2024\/06\/Yamaha-C3-3-225x300.jpg 225w, https:\/\/lacasadelspianos.com\/wp-content\/uploads\/2024\/06\/Yamaha-C3-3-1152x1536.jpg 1152w, https:\/\/lacasadelspianos.com\/wp-content\/uploads\/2024\/06\/Yamaha-C3-3.jpg 1536w\" sizes=\"auto, (max-width: 309px) 100vw, 309px\" \/><\/p>\n<p data-start=\"818\" data-end=\"827\"><strong data-start=\"818\" data-end=\"827\">Pros:<\/strong><\/p>\n<ul>\n<li data-start=\"830\" data-end=\"871\">Sonido m\u00e1s profundo, potente y expresivo.<\/li>\n<li data-start=\"874\" data-end=\"912\">Mayor control din\u00e1mico y sensibilidad.<\/li>\n<li data-start=\"915\" data-end=\"945\">Est\u00e9tica imponente y elegante.<\/li>\n<\/ul>\n<p data-start=\"947\" data-end=\"959\"><strong data-start=\"947\" data-end=\"959\">Contras:<\/strong><\/p>\n<ul>\n<li data-start=\"962\" data-end=\"985\">Requiere mucho espacio.<\/li>\n<li data-start=\"988\" data-end=\"1003\">Precio elevado.<\/li>\n<li data-start=\"1006\" data-end=\"1097\">Mantenimiento m\u00e1s costoso (afinaciones m\u00e1s frecuentes, puede necesitar control de humedad).<\/li>\n<\/ul>\n<p data-start=\"1099\" data-end=\"1218\"><strong data-start=\"1099\" data-end=\"1114\">Ideal para:<\/strong> pianistas profesionales, conservatorios, estudios de grabaci\u00f3n y amantes del piano con espacio en casa.<\/p>\n<hr data-start=\"1220\" data-end=\"1223\" \/>\n<h3 data-start=\"1225\" data-end=\"1259\">\u00a0Piano Vertical (o de pared)<\/h3>\n<p data-start=\"1261\" data-end=\"1389\"><strong data-start=\"1261\" data-end=\"1277\">Descripci\u00f3n:<\/strong><br data-start=\"1277\" data-end=\"1280\" \/>Tiene un mecanismo vertical, lo que permite ahorrar espacio sin renunciar a la mec\u00e1nica de un piano ac\u00fastico.<\/p>\n<p data-start=\"1261\" data-end=\"1389\"><img loading=\"lazy\" decoding=\"async\" class=\"wp-image-8452 aligncenter\" src=\"https:\/\/lacasadelspianos.com\/wp-content\/uploads\/2024\/12\/Samick-SU-118-caoba-2-1024x985.jpg\" alt=\"\" width=\"566\" height=\"545\" srcset=\"https:\/\/lacasadelspianos.com\/wp-content\/uploads\/2024\/12\/Samick-SU-118-caoba-2-1024x985.jpg 1024w, https:\/\/lacasadelspianos.com\/wp-content\/uploads\/2024\/12\/Samick-SU-118-caoba-2-300x289.jpg 300w, https:\/\/lacasadelspianos.com\/wp-content\/uploads\/2024\/12\/Samick-SU-118-caoba-2-768x739.jpg 768w, https:\/\/lacasadelspianos.com\/wp-content\/uploads\/2024\/12\/Samick-SU-118-caoba-2-1536x1477.jpg 1536w, https:\/\/lacasadelspianos.com\/wp-content\/uploads\/2024\/12\/Samick-SU-118-caoba-2-2048x1970.jpg 2048w\" sizes=\"auto, (max-width: 566px) 100vw, 566px\" \/><\/p>\n<p data-start=\"1391\" data-end=\"1400\"><strong data-start=\"1391\" data-end=\"1400\">Pros:<\/strong><\/p>\n<ul>\n<li data-start=\"1403\" data-end=\"1438\">Menor tama\u00f1o, ideal para viviendas.<\/li>\n<li data-start=\"1441\" data-end=\"1467\">Sonido ac\u00fastico aut\u00e9ntico.<\/li>\n<li data-start=\"1470\" data-end=\"1518\">Generalmente m\u00e1s econ\u00f3mico que un piano de cola.<\/li>\n<\/ul>\n<p data-start=\"1520\" data-end=\"1532\"><strong data-start=\"1520\" data-end=\"1532\">Contras:<\/strong><\/p>\n<ul>\n<li data-start=\"1535\" data-end=\"1592\">Menor riqueza de sonido y respuesta que un piano de cola.<\/li>\n<li data-start=\"1595\" data-end=\"1667\">Mecanismo m\u00e1s limitado (aunque algunos modelos de gama alta sorprenden).<\/li>\n<\/ul>\n<p data-start=\"1669\" data-end=\"1751\"><strong data-start=\"1669\" data-end=\"1684\">Ideal para:<\/strong> estudiantes, pianistas aficionados y hogares con espacio reducido.<\/p>\n<hr data-start=\"1753\" data-end=\"1756\" \/>\n<h3 data-start=\"1758\" data-end=\"1778\">Piano Digital<\/h3>\n<p data-start=\"1780\" data-end=\"1920\"><strong data-start=\"1780\" data-end=\"1796\">Descripci\u00f3n:<\/strong><br data-start=\"1796\" data-end=\"1799\" \/>Simula el sonido y la sensaci\u00f3n de un piano ac\u00fastico mediante tecnolog\u00eda digital. No tiene cuerdas ni necesita afinaci\u00f3n.<\/p>\n<p data-start=\"1780\" data-end=\"1920\"><img loading=\"lazy\" decoding=\"async\" class=\"wp-image-5556 aligncenter\" src=\"https:\/\/lacasadelspianos.com\/wp-content\/uploads\/2023\/11\/img_pianos_digitals_kurzweil_m110_1-1024x683.jpg\" alt=\"\" width=\"557\" height=\"372\" srcset=\"https:\/\/lacasadelspianos.com\/wp-content\/uploads\/2023\/11\/img_pianos_digitals_kurzweil_m110_1-1024x683.jpg 1024w, https:\/\/lacasadelspianos.com\/wp-content\/uploads\/2023\/11\/img_pianos_digitals_kurzweil_m110_1-300x200.jpg 300w, https:\/\/lacasadelspianos.com\/wp-content\/uploads\/2023\/11\/img_pianos_digitals_kurzweil_m110_1-768x512.jpg 768w, https:\/\/lacasadelspianos.com\/wp-content\/uploads\/2023\/11\/img_pianos_digitals_kurzweil_m110_1-600x400.jpg 600w, https:\/\/lacasadelspianos.com\/wp-content\/uploads\/2023\/11\/img_pianos_digitals_kurzweil_m110_1.jpg 1500w\" sizes=\"auto, (max-width: 557px) 100vw, 557px\" \/><\/p>\n<p data-start=\"1922\" data-end=\"1931\"><strong data-start=\"1922\" data-end=\"1931\">Pros:<\/strong><\/p>\n<ul>\n<li data-start=\"1934\" data-end=\"1966\">Compacto y f\u00e1cil de transportar.<\/li>\n<li data-start=\"1969\" data-end=\"2034\">Puede usarse con auriculares (ideal para practicar sin molestar).<\/li>\n<li data-start=\"2037\" data-end=\"2059\">No necesita afinaci\u00f3n.<\/li>\n<li data-start=\"2062\" data-end=\"2139\">Incluye funciones adicionales como metr\u00f3nomo, grabaci\u00f3n o diferentes sonidos.<\/li>\n<\/ul>\n<p data-start=\"2141\" data-end=\"2153\"><strong data-start=\"2141\" data-end=\"2153\">Contras:<\/strong><\/p>\n<ul>\n<li data-start=\"2156\" data-end=\"2221\">No ofrece la misma sensaci\u00f3n ni resonancia que un piano ac\u00fastico.<\/li>\n<li data-start=\"2224\" data-end=\"2281\">Algunos modelos econ\u00f3micos tienen teclas menos realistas.<\/li>\n<li data-start=\"2284\" data-end=\"2332\">La experiencia emocional puede ser m\u00e1s limitada.<\/li>\n<\/ul>\n<p data-start=\"2334\" data-end=\"2457\"><strong data-start=\"2334\" data-end=\"2349\">Ideal para:<\/strong> principiantes, quienes necesitan practicar con auriculares, o m\u00fasicos que viajan o producen m\u00fasica digital.<\/p>\n<h3 data-start=\"2464\" data-end=\"2500\">\u00bfEntonces, cu\u00e1l deber\u00edas elegir?<\/h3>\n<p data-start=\"2502\" data-end=\"2833\">Todo depende de tus necesidades. Si tienes espacio y buscas la m\u00e1xima calidad sonora, un piano de cola es la mejor opci\u00f3n. Si necesitas algo m\u00e1s compacto sin renunciar al tacto ac\u00fastico, un vertical puede ser perfecto. Y si te interesa la versatilidad, el silencio o el presupuesto es limitado, un digital puede ser tu gran aliado.<\/p>\n<p data-start=\"2835\" data-end=\"2973\">En nuestra tienda te ayudamos a probarlos y elegir el que mejor se adapta a ti. \u00a1Ven a visitarnos y d\u00e9jate enamorar por el piano perfecto!<\/p>\n<p data-start=\"2980\" data-end=\"3164\" data-is-last-node=\"\" data-is-only-node=\"\">\n","protected":false},"excerpt":{"rendered":"<p>Si est\u00e1s pensando en comprar un piano, seguramente te habr\u00e1s encontrado con los tres grandes tipos: pianos de cola, pianos verticales y pianos digitales. Cada uno tiene sus ventajas y limitaciones, y la elecci\u00f3n ideal depender\u00e1 de tu espacio, nivel, presupuesto y objetivos musicales. Piano de Cola Descripci\u00f3n:Es el tipo de piano m\u00e1s grande y&hellip;<\/p>\n","protected":false},"author":2,"featured_media":8565,"comment_status":"open","ping_status":"closed","sticky":false,"template":"","format":"standard","meta":{"footnotes":""},"categories":[121],"tags":[],"post_series":[],"class_list":["post-9723","post","type-post","status-publish","format-standard","has-post-thumbnail","hentry","category-noticias","entry","has-media"],"yoast_head":"<!-- This site is optimized with the Yoast SEO plugin v27.4 - https:\/\/yoast.com\/product\/yoast-seo-wordpress\/ -->\n<title>\u00bfQu\u00e9 tipo de piano es el ideal para ti? De cola, vertical o digital - La Casa dels Pianos<\/title>\n<meta name=\"robots\" content=\"index, follow, max-snippet:-1, max-image-preview:large, max-video-preview:-1\" \/>\n<link rel=\"canonical\" href=\"https:\/\/lacasadelspianos.com\/es\/que-tipo-de-piano-es-el-ideal-para-ti-de-cola-vertical-o-digital\/\" \/>\n<meta property=\"og:locale\" content=\"es_ES\" \/>\n<meta property=\"og:type\" content=\"article\" \/>\n<meta property=\"og:title\" content=\"\u00bfQu\u00e9 tipo de piano es el ideal para ti? De cola, vertical o digital - La Casa dels Pianos\" \/>\n<meta property=\"og:description\" content=\"Si est\u00e1s pensando en comprar un piano, seguramente te habr\u00e1s encontrado con los tres grandes tipos: pianos de cola, pianos verticales y pianos digitales. Cada uno tiene sus ventajas y limitaciones, y la elecci\u00f3n ideal depender\u00e1 de tu espacio, nivel, presupuesto y objetivos musicales. Piano de Cola Descripci\u00f3n:Es el tipo de piano m\u00e1s grande y&hellip;\" \/>\n<meta property=\"og:url\" content=\"https:\/\/lacasadelspianos.com\/es\/que-tipo-de-piano-es-el-ideal-para-ti-de-cola-vertical-o-digital\/\" \/>\n<meta property=\"og:site_name\" content=\"La Casa dels Pianos\" \/>\n<meta property=\"article:published_time\" content=\"2025-05-28T09:27:44+00:00\" \/>\n<meta property=\"article:modified_time\" content=\"2025-05-28T09:39:30+00:00\" \/>\n<meta property=\"og:image\" content=\"https:\/\/lacasadelspianos.com\/wp-content\/uploads\/2024\/12\/yamaha-pianos.jpg\" \/>\n\t<meta property=\"og:image:width\" content=\"1600\" \/>\n\t<meta property=\"og:image:height\" content=\"1200\" \/>\n\t<meta property=\"og:image:type\" content=\"image\/jpeg\" \/>\n<meta name=\"author\" content=\"LaCasaDelsPianos\" \/>\n<meta name=\"twitter:card\" content=\"summary_large_image\" \/>\n<meta name=\"twitter:label1\" content=\"Escrito por\" \/>\n\t<meta name=\"twitter:data1\" content=\"LaCasaDelsPianos\" \/>\n\t<meta name=\"twitter:label2\" content=\"Tiempo de lectura\" \/>\n\t<meta name=\"twitter:data2\" content=\"3 minutos\" \/>\n<script type=\"application\/ld+json\" class=\"yoast-schema-graph\">{\"@context\":\"https:\\\/\\\/schema.org\",\"@graph\":[{\"@type\":\"Article\",\"@id\":\"https:\\\/\\\/lacasadelspianos.com\\\/es\\\/que-tipo-de-piano-es-el-ideal-para-ti-de-cola-vertical-o-digital\\\/#article\",\"isPartOf\":{\"@id\":\"https:\\\/\\\/lacasadelspianos.com\\\/es\\\/que-tipo-de-piano-es-el-ideal-para-ti-de-cola-vertical-o-digital\\\/\"},\"author\":{\"name\":\"LaCasaDelsPianos\",\"@id\":\"https:\\\/\\\/lacasadelspianos.com\\\/#\\\/schema\\\/person\\\/f102e6889a3222aa7227f6c6d48ae1ca\"},\"headline\":\"\u00bfQu\u00e9 tipo de piano es el ideal para ti? De cola, vertical o digital\",\"datePublished\":\"2025-05-28T09:27:44+00:00\",\"dateModified\":\"2025-05-28T09:39:30+00:00\",\"mainEntityOfPage\":{\"@id\":\"https:\\\/\\\/lacasadelspianos.com\\\/es\\\/que-tipo-de-piano-es-el-ideal-para-ti-de-cola-vertical-o-digital\\\/\"},\"wordCount\":434,\"commentCount\":0,\"publisher\":{\"@id\":\"https:\\\/\\\/lacasadelspianos.com\\\/#organization\"},\"image\":{\"@id\":\"https:\\\/\\\/lacasadelspianos.com\\\/es\\\/que-tipo-de-piano-es-el-ideal-para-ti-de-cola-vertical-o-digital\\\/#primaryimage\"},\"thumbnailUrl\":\"https:\\\/\\\/lacasadelspianos.com\\\/wp-content\\\/uploads\\\/2024\\\/12\\\/yamaha-pianos.jpg\",\"articleSection\":[\"Noticias\"],\"inLanguage\":\"es\",\"potentialAction\":[{\"@type\":\"CommentAction\",\"name\":\"Comment\",\"target\":[\"https:\\\/\\\/lacasadelspianos.com\\\/es\\\/que-tipo-de-piano-es-el-ideal-para-ti-de-cola-vertical-o-digital\\\/#respond\"]}]},{\"@type\":\"WebPage\",\"@id\":\"https:\\\/\\\/lacasadelspianos.com\\\/es\\\/que-tipo-de-piano-es-el-ideal-para-ti-de-cola-vertical-o-digital\\\/\",\"url\":\"https:\\\/\\\/lacasadelspianos.com\\\/es\\\/que-tipo-de-piano-es-el-ideal-para-ti-de-cola-vertical-o-digital\\\/\",\"name\":\"\u00bfQu\u00e9 tipo de piano es el ideal para ti? De cola, vertical o digital - La Casa dels Pianos\",\"isPartOf\":{\"@id\":\"https:\\\/\\\/lacasadelspianos.com\\\/#website\"},\"primaryImageOfPage\":{\"@id\":\"https:\\\/\\\/lacasadelspianos.com\\\/es\\\/que-tipo-de-piano-es-el-ideal-para-ti-de-cola-vertical-o-digital\\\/#primaryimage\"},\"image\":{\"@id\":\"https:\\\/\\\/lacasadelspianos.com\\\/es\\\/que-tipo-de-piano-es-el-ideal-para-ti-de-cola-vertical-o-digital\\\/#primaryimage\"},\"thumbnailUrl\":\"https:\\\/\\\/lacasadelspianos.com\\\/wp-content\\\/uploads\\\/2024\\\/12\\\/yamaha-pianos.jpg\",\"datePublished\":\"2025-05-28T09:27:44+00:00\",\"dateModified\":\"2025-05-28T09:39:30+00:00\",\"breadcrumb\":{\"@id\":\"https:\\\/\\\/lacasadelspianos.com\\\/es\\\/que-tipo-de-piano-es-el-ideal-para-ti-de-cola-vertical-o-digital\\\/#breadcrumb\"},\"inLanguage\":\"es\",\"potentialAction\":[{\"@type\":\"ReadAction\",\"target\":[\"https:\\\/\\\/lacasadelspianos.com\\\/es\\\/que-tipo-de-piano-es-el-ideal-para-ti-de-cola-vertical-o-digital\\\/\"]}]},{\"@type\":\"ImageObject\",\"inLanguage\":\"es\",\"@id\":\"https:\\\/\\\/lacasadelspianos.com\\\/es\\\/que-tipo-de-piano-es-el-ideal-para-ti-de-cola-vertical-o-digital\\\/#primaryimage\",\"url\":\"https:\\\/\\\/lacasadelspianos.com\\\/wp-content\\\/uploads\\\/2024\\\/12\\\/yamaha-pianos.jpg\",\"contentUrl\":\"https:\\\/\\\/lacasadelspianos.com\\\/wp-content\\\/uploads\\\/2024\\\/12\\\/yamaha-pianos.jpg\",\"width\":1600,\"height\":1200},{\"@type\":\"BreadcrumbList\",\"@id\":\"https:\\\/\\\/lacasadelspianos.com\\\/es\\\/que-tipo-de-piano-es-el-ideal-para-ti-de-cola-vertical-o-digital\\\/#breadcrumb\",\"itemListElement\":[{\"@type\":\"ListItem\",\"position\":1,\"name\":\"Home\",\"item\":\"https:\\\/\\\/lacasadelspianos.com\\\/es\\\/\"},{\"@type\":\"ListItem\",\"position\":2,\"name\":\"\u00bfQu\u00e9 tipo de piano es el ideal para&hellip;\"}]},{\"@type\":\"WebSite\",\"@id\":\"https:\\\/\\\/lacasadelspianos.com\\\/#website\",\"url\":\"https:\\\/\\\/lacasadelspianos.com\\\/\",\"name\":\"La Casa dels Pianos\",\"description\":\"Venda i lloguer de pianos nous, d&#039;ocasi\u00f3, seminous y Km0\",\"publisher\":{\"@id\":\"https:\\\/\\\/lacasadelspianos.com\\\/#organization\"},\"potentialAction\":[{\"@type\":\"SearchAction\",\"target\":{\"@type\":\"EntryPoint\",\"urlTemplate\":\"https:\\\/\\\/lacasadelspianos.com\\\/?s={search_term_string}\"},\"query-input\":{\"@type\":\"PropertyValueSpecification\",\"valueRequired\":true,\"valueName\":\"search_term_string\"}}],\"inLanguage\":\"es\"},{\"@type\":\"Organization\",\"@id\":\"https:\\\/\\\/lacasadelspianos.com\\\/#organization\",\"name\":\"La Casa dels Pianos\",\"url\":\"https:\\\/\\\/lacasadelspianos.com\\\/\",\"logo\":{\"@type\":\"ImageObject\",\"inLanguage\":\"es\",\"@id\":\"https:\\\/\\\/lacasadelspianos.com\\\/#\\\/schema\\\/logo\\\/image\\\/\",\"url\":\"https:\\\/\\\/lacasadelspianos.com\\\/wp-content\\\/uploads\\\/2023\\\/10\\\/logo.png\",\"contentUrl\":\"https:\\\/\\\/lacasadelspianos.com\\\/wp-content\\\/uploads\\\/2023\\\/10\\\/logo.png\",\"width\":878,\"height\":410,\"caption\":\"La Casa dels Pianos\"},\"image\":{\"@id\":\"https:\\\/\\\/lacasadelspianos.com\\\/#\\\/schema\\\/logo\\\/image\\\/\"}},{\"@type\":\"Person\",\"@id\":\"https:\\\/\\\/lacasadelspianos.com\\\/#\\\/schema\\\/person\\\/f102e6889a3222aa7227f6c6d48ae1ca\",\"name\":\"LaCasaDelsPianos\",\"image\":{\"@type\":\"ImageObject\",\"inLanguage\":\"es\",\"@id\":\"https:\\\/\\\/secure.gravatar.com\\\/avatar\\\/386762c243d4757b0d6891fc119f3f67b435c34919dfb3527fe8d58d5e132b82?s=96&d=mm&r=g\",\"url\":\"https:\\\/\\\/secure.gravatar.com\\\/avatar\\\/386762c243d4757b0d6891fc119f3f67b435c34919dfb3527fe8d58d5e132b82?s=96&d=mm&r=g\",\"contentUrl\":\"https:\\\/\\\/secure.gravatar.com\\\/avatar\\\/386762c243d4757b0d6891fc119f3f67b435c34919dfb3527fe8d58d5e132b82?s=96&d=mm&r=g\",\"caption\":\"LaCasaDelsPianos\"},\"url\":\"https:\\\/\\\/lacasadelspianos.com\\\/es\\\/author\\\/sergio\\\/\"}]}<\/script>\n<!-- \/ Yoast SEO plugin. -->","yoast_head_json":{"title":"\u00bfQu\u00e9 tipo de piano es el ideal para ti? De cola, vertical o digital - La Casa dels Pianos","robots":{"index":"index","follow":"follow","max-snippet":"max-snippet:-1","max-image-preview":"max-image-preview:large","max-video-preview":"max-video-preview:-1"},"canonical":"https:\/\/lacasadelspianos.com\/es\/que-tipo-de-piano-es-el-ideal-para-ti-de-cola-vertical-o-digital\/","og_locale":"es_ES","og_type":"article","og_title":"\u00bfQu\u00e9 tipo de piano es el ideal para ti? De cola, vertical o digital - La Casa dels Pianos","og_description":"Si est\u00e1s pensando en comprar un piano, seguramente te habr\u00e1s encontrado con los tres grandes tipos: pianos de cola, pianos verticales y pianos digitales. Cada uno tiene sus ventajas y limitaciones, y la elecci\u00f3n ideal depender\u00e1 de tu espacio, nivel, presupuesto y objetivos musicales. Piano de Cola Descripci\u00f3n:Es el tipo de piano m\u00e1s grande y&hellip;","og_url":"https:\/\/lacasadelspianos.com\/es\/que-tipo-de-piano-es-el-ideal-para-ti-de-cola-vertical-o-digital\/","og_site_name":"La Casa dels Pianos","article_published_time":"2025-05-28T09:27:44+00:00","article_modified_time":"2025-05-28T09:39:30+00:00","og_image":[{"width":1600,"height":1200,"url":"https:\/\/lacasadelspianos.com\/wp-content\/uploads\/2024\/12\/yamaha-pianos.jpg","type":"image\/jpeg"}],"author":"LaCasaDelsPianos","twitter_card":"summary_large_image","twitter_misc":{"Escrito por":"LaCasaDelsPianos","Tiempo de lectura":"3 minutos"},"schema":{"@context":"https:\/\/schema.org","@graph":[{"@type":"Article","@id":"https:\/\/lacasadelspianos.com\/es\/que-tipo-de-piano-es-el-ideal-para-ti-de-cola-vertical-o-digital\/#article","isPartOf":{"@id":"https:\/\/lacasadelspianos.com\/es\/que-tipo-de-piano-es-el-ideal-para-ti-de-cola-vertical-o-digital\/"},"author":{"name":"LaCasaDelsPianos","@id":"https:\/\/lacasadelspianos.com\/#\/schema\/person\/f102e6889a3222aa7227f6c6d48ae1ca"},"headline":"\u00bfQu\u00e9 tipo de piano es el ideal para ti? De cola, vertical o digital","datePublished":"2025-05-28T09:27:44+00:00","dateModified":"2025-05-28T09:39:30+00:00","mainEntityOfPage":{"@id":"https:\/\/lacasadelspianos.com\/es\/que-tipo-de-piano-es-el-ideal-para-ti-de-cola-vertical-o-digital\/"},"wordCount":434,"commentCount":0,"publisher":{"@id":"https:\/\/lacasadelspianos.com\/#organization"},"image":{"@id":"https:\/\/lacasadelspianos.com\/es\/que-tipo-de-piano-es-el-ideal-para-ti-de-cola-vertical-o-digital\/#primaryimage"},"thumbnailUrl":"https:\/\/lacasadelspianos.com\/wp-content\/uploads\/2024\/12\/yamaha-pianos.jpg","articleSection":["Noticias"],"inLanguage":"es","potentialAction":[{"@type":"CommentAction","name":"Comment","target":["https:\/\/lacasadelspianos.com\/es\/que-tipo-de-piano-es-el-ideal-para-ti-de-cola-vertical-o-digital\/#respond"]}]},{"@type":"WebPage","@id":"https:\/\/lacasadelspianos.com\/es\/que-tipo-de-piano-es-el-ideal-para-ti-de-cola-vertical-o-digital\/","url":"https:\/\/lacasadelspianos.com\/es\/que-tipo-de-piano-es-el-ideal-para-ti-de-cola-vertical-o-digital\/","name":"\u00bfQu\u00e9 tipo de piano es el ideal para ti? De cola, vertical o digital - La Casa dels Pianos","isPartOf":{"@id":"https:\/\/lacasadelspianos.com\/#website"},"primaryImageOfPage":{"@id":"https:\/\/lacasadelspianos.com\/es\/que-tipo-de-piano-es-el-ideal-para-ti-de-cola-vertical-o-digital\/#primaryimage"},"image":{"@id":"https:\/\/lacasadelspianos.com\/es\/que-tipo-de-piano-es-el-ideal-para-ti-de-cola-vertical-o-digital\/#primaryimage"},"thumbnailUrl":"https:\/\/lacasadelspianos.com\/wp-content\/uploads\/2024\/12\/yamaha-pianos.jpg","datePublished":"2025-05-28T09:27:44+00:00","dateModified":"2025-05-28T09:39:30+00:00","breadcrumb":{"@id":"https:\/\/lacasadelspianos.com\/es\/que-tipo-de-piano-es-el-ideal-para-ti-de-cola-vertical-o-digital\/#breadcrumb"},"inLanguage":"es","potentialAction":[{"@type":"ReadAction","target":["https:\/\/lacasadelspianos.com\/es\/que-tipo-de-piano-es-el-ideal-para-ti-de-cola-vertical-o-digital\/"]}]},{"@type":"ImageObject","inLanguage":"es","@id":"https:\/\/lacasadelspianos.com\/es\/que-tipo-de-piano-es-el-ideal-para-ti-de-cola-vertical-o-digital\/#primaryimage","url":"https:\/\/lacasadelspianos.com\/wp-content\/uploads\/2024\/12\/yamaha-pianos.jpg","contentUrl":"https:\/\/lacasadelspianos.com\/wp-content\/uploads\/2024\/12\/yamaha-pianos.jpg","width":1600,"height":1200},{"@type":"BreadcrumbList","@id":"https:\/\/lacasadelspianos.com\/es\/que-tipo-de-piano-es-el-ideal-para-ti-de-cola-vertical-o-digital\/#breadcrumb","itemListElement":[{"@type":"ListItem","position":1,"name":"Home","item":"https:\/\/lacasadelspianos.com\/es\/"},{"@type":"ListItem","position":2,"name":"\u00bfQu\u00e9 tipo de piano es el ideal para&hellip;"}]},{"@type":"WebSite","@id":"https:\/\/lacasadelspianos.com\/#website","url":"https:\/\/lacasadelspianos.com\/","name":"La Casa dels Pianos","description":"Venda i lloguer de pianos nous, d&#039;ocasi\u00f3, seminous y Km0","publisher":{"@id":"https:\/\/lacasadelspianos.com\/#organization"},"potentialAction":[{"@type":"SearchAction","target":{"@type":"EntryPoint","urlTemplate":"https:\/\/lacasadelspianos.com\/?s={search_term_string}"},"query-input":{"@type":"PropertyValueSpecification","valueRequired":true,"valueName":"search_term_string"}}],"inLanguage":"es"},{"@type":"Organization","@id":"https:\/\/lacasadelspianos.com\/#organization","name":"La Casa dels Pianos","url":"https:\/\/lacasadelspianos.com\/","logo":{"@type":"ImageObject","inLanguage":"es","@id":"https:\/\/lacasadelspianos.com\/#\/schema\/logo\/image\/","url":"https:\/\/lacasadelspianos.com\/wp-content\/uploads\/2023\/10\/logo.png","contentUrl":"https:\/\/lacasadelspianos.com\/wp-content\/uploads\/2023\/10\/logo.png","width":878,"height":410,"caption":"La Casa dels Pianos"},"image":{"@id":"https:\/\/lacasadelspianos.com\/#\/schema\/logo\/image\/"}},{"@type":"Person","@id":"https:\/\/lacasadelspianos.com\/#\/schema\/person\/f102e6889a3222aa7227f6c6d48ae1ca","name":"LaCasaDelsPianos","image":{"@type":"ImageObject","inLanguage":"es","@id":"https:\/\/secure.gravatar.com\/avatar\/386762c243d4757b0d6891fc119f3f67b435c34919dfb3527fe8d58d5e132b82?s=96&d=mm&r=g","url":"https:\/\/secure.gravatar.com\/avatar\/386762c243d4757b0d6891fc119f3f67b435c34919dfb3527fe8d58d5e132b82?s=96&d=mm&r=g","contentUrl":"https:\/\/secure.gravatar.com\/avatar\/386762c243d4757b0d6891fc119f3f67b435c34919dfb3527fe8d58d5e132b82?s=96&d=mm&r=g","caption":"LaCasaDelsPianos"},"url":"https:\/\/lacasadelspianos.com\/es\/author\/sergio\/"}]}},"_links":{"self":[{"href":"https:\/\/lacasadelspianos.com\/es\/wp-json\/wp\/v2\/posts\/9723","targetHints":{"allow":["GET"]}}],"collection":[{"href":"https:\/\/lacasadelspianos.com\/es\/wp-json\/wp\/v2\/posts"}],"about":[{"href":"https:\/\/lacasadelspianos.com\/es\/wp-json\/wp\/v2\/types\/post"}],"author":[{"embeddable":true,"href":"https:\/\/lacasadelspianos.com\/es\/wp-json\/wp\/v2\/users\/2"}],"replies":[{"embeddable":true,"href":"https:\/\/lacasadelspianos.com\/es\/wp-json\/wp\/v2\/comments?post=9723"}],"version-history":[{"count":3,"href":"https:\/\/lacasadelspianos.com\/es\/wp-json\/wp\/v2\/posts\/9723\/revisions"}],"predecessor-version":[{"id":9726,"href":"https:\/\/lacasadelspianos.com\/es\/wp-json\/wp\/v2\/posts\/9723\/revisions\/9726"}],"wp:featuredmedia":[{"embeddable":true,"href":"https:\/\/lacasadelspianos.com\/es\/wp-json\/wp\/v2\/media\/8565"}],"wp:attachment":[{"href":"https:\/\/lacasadelspianos.com\/es\/wp-json\/wp\/v2\/media?parent=9723"}],"wp:term":[{"taxonomy":"category","embeddable":true,"href":"https:\/\/lacasadelspianos.com\/es\/wp-json\/wp\/v2\/categories?post=9723"},{"taxonomy":"post_tag","embeddable":true,"href":"https:\/\/lacasadelspianos.com\/es\/wp-json\/wp\/v2\/tags?post=9723"},{"taxonomy":"post_series","embeddable":true,"href":"https:\/\/lacasadelspianos.com\/es\/wp-json\/wp\/v2\/post_series?post=9723"}],"curies":[{"name":"wp","href":"https:\/\/api.w.org\/{rel}","templated":true}]}}